{"id":21,"date":"2025-08-13T00:00:00","date_gmt":"2025-08-12T21:00:00","guid":{"rendered":"https:\/\/footballscouting.pl\/ro\/tendintele-de-moda-pentru-toamna-iarna-2025-care-te-vor-face-sa-iesi-in-evidenta\/"},"modified":"2025-08-13T00:00:00","modified_gmt":"2025-08-12T21:00:00","slug":"tendintele-de-moda-pentru-toamna-iarna-2025-care-te-vor-face-sa-iesi-in-evidenta","status":"publish","type":"post","link":"https:\/\/footballscouting.pl\/ro\/pl_PL\/tendintele-de-moda-pentru-toamna-iarna-2025-care-te-vor-face-sa-iesi-in-evidenta\/","title":{"rendered":"Tendin\u021bele de mod\u0103 pentru toamn\u0103-iarn\u0103 2025 care te vor face s\u0103 ie\u0219i \u00een eviden\u021b\u0103"},"content":{"rendered":"<div class=\"kk-star-ratings kksr-auto kksr-align-left kksr-valign-top\"\n    data-payload='{&quot;align&quot;:&quot;left&quot;,&quot;id&quot;:&quot;21&quot;,&quot;slug&quot;:&quot;default&quot;,&quot;valign&quot;:&quot;top&quot;,&quot;ignore&quot;:&quot;&quot;,&quot;reference&quot;:&quot;auto&quot;,&quot;class&quot;:&quot;&quot;,&quot;count&quot;:&quot;0&quot;,&quot;legendonly&quot;:&quot;&quot;,&quot;readonly&quot;:&quot;&quot;,&quot;score&quot;:&quot;0&quot;,&quot;starsonly&quot;:&quot;&quot;,&quot;best&quot;:&quot;5&quot;,&quot;gap&quot;:&quot;5&quot;,&quot;greet&quot;:&quot;Rate this post&quot;,&quot;legend&quot;:&quot;0\\\/5 - (0 votes)&quot;,&quot;size&quot;:&quot;24&quot;,&quot;title&quot;:&quot;Tendin\u021bele de mod\u0103 pentru toamn\u0103-iarn\u0103 2025 care te vor face s\u0103 ie\u0219i \u00een eviden\u021b\u0103&quot;,&quot;width&quot;:&quot;0&quot;,&quot;_legend&quot;:&quot;{score}\\\/{best} - ({count} {votes})&quot;,&quot;font_factor&quot;:&quot;1.25&quot;}'>\n            \n<div class=\"kksr-stars\">\n    \n<div class=\"kksr-stars-inactive\">\n            <div class=\"kksr-star\" data-star=\"1\" style=\"padding-right: 5px\">\n            \n\n<div class=\"kksr-icon\" style=\"width: 24px; height: 24px;\"><\/div>\n        <\/div>\n            <div class=\"kksr-star\" data-star=\"2\" style=\"padding-right: 5px\">\n            \n\n<div class=\"kksr-icon\" style=\"width: 24px; height: 24px;\"><\/div>\n        <\/div>\n            <div class=\"kksr-star\" data-star=\"3\" style=\"padding-right: 5px\">\n            \n\n<div class=\"kksr-icon\" style=\"width: 24px; height: 24px;\"><\/div>\n        <\/div>\n            <div class=\"kksr-star\" data-star=\"4\" style=\"padding-right: 5px\">\n            \n\n<div class=\"kksr-icon\" style=\"width: 24px; height: 24px;\"><\/div>\n        <\/div>\n            <div class=\"kksr-star\" data-star=\"5\" style=\"padding-right: 5px\">\n            \n\n<div class=\"kksr-icon\" style=\"width: 24px; height: 24px;\"><\/div>\n        <\/div>\n    <\/div>\n    \n<div class=\"kksr-stars-active\" style=\"width: 0px;\">\n            <div class=\"kksr-star\" style=\"padding-right: 5px\">\n            \n\n<div class=\"kksr-icon\" style=\"width: 24px; height: 24px;\"><\/div>\n        <\/div>\n            <div class=\"kksr-star\" style=\"padding-right: 5px\">\n            \n\n<div class=\"kksr-icon\" style=\"width: 24px; height: 24px;\"><\/div>\n        <\/div>\n            <div class=\"kksr-star\" style=\"padding-right: 5px\">\n            \n\n<div class=\"kksr-icon\" style=\"width: 24px; height: 24px;\"><\/div>\n        <\/div>\n            <div class=\"kksr-star\" style=\"padding-right: 5px\">\n            \n\n<div class=\"kksr-icon\" style=\"width: 24px; height: 24px;\"><\/div>\n        <\/div>\n            <div class=\"kksr-star\" style=\"padding-right: 5px\">\n            \n\n<div class=\"kksr-icon\" style=\"width: 24px; height: 24px;\"><\/div>\n        <\/div>\n    <\/div>\n<\/div>\n                \n\n<div class=\"kksr-legend\" style=\"font-size: 19.2px;\">\n            <span class=\"kksr-muted\">Rate this post<\/span>\n    <\/div>\n    <\/div>\n<p>Sezonul toamn\u0103-iarn\u0103 2025 promite s\u0103 aduc\u0103 un suflu nou \u00een moda contemporan\u0103, invit\u00e2ndu-ne s\u0103 explor\u0103m op\u021biuni variate \u0219i inovatoare. \u00centr-o lume \u00een care stilul personal devine tot mai valoros, ne dorim s\u0103 ne exprim\u0103m unicitatea prin fiecare alegere vestimentar\u0103. Aceast\u0103 toamn\u0103-iarna va fi marcat\u0103 nu doar de culori \u0219i texturi, ci \u0219i de confort \u0219i sustenabilitate. Astfel, este momentul oportun s\u0103 ne actualiz\u0103m garderoba cu piese esen\u021biale care ne vor ajuta s\u0103 ne afirm\u0103m. Ne vom concentra asupra articolelor vestimentare, accesoriilor \u0219i culorilor care vor defini acest sezon. Prepareaz\u0103-te s\u0103 ie\u0219i \u00een eviden\u021b\u0103, \u00een fiecare zi!<\/p>\n<h2>Culori \u0219i printuri cheie pentru sezon<\/h2>\n<p><img decoding=\"async\" alt=\"Un picior \u00eentr-o botin\u0103 maro, pe o strad\u0103 pietruit\u0103, l\u00e2ng\u0103 o rochie cu un model delicat.\" src=\"https:\/\/footballscouting.pl\/ro\/wp-content\/uploads\/sites\/2\/2025\/08\/image01edef5c814847e6a5fbb9a947d29224.jpg\"\/><\/p>\n<p>Tendin\u021bele cromatice din toamna-iarna 2025 se vor \u00eendrepta spre o palet\u0103 echilibrat\u0103, \u00een care culorile p\u0103m\u00e2ntii vor coexista armonios cu nuan\u021be vibrante. Acest mix nu doar c\u0103 reflect\u0103 natura, dar \u0219i starea de spirit a sezonului. Tehnicile de layering vor permite integrerea mai multor culori \u00eentr-un singur outfit, ad\u0103ug\u00e2ndu-i profunzime \u0219i complexitate. Iat\u0103 c\u00e2teva culori ce ar trebui s\u0103 se reg\u0103seasc\u0103 \u00een garderoba ta:<\/p>\n<ul>\n<li>Teracot\u0103<\/li>\n<li>Verde m\u0103sliniu<\/li>\n<li>Bleu profund<\/li>\n<li>Ro\u0219u burgund<\/li>\n<\/ul>\n<p>Printurile nu mai sunt doar detalii, ci au devenit adev\u0103rate statement-uri. Modelele geometrice vor domni, iar cele florale vor reveni cu o not\u0103 modern\u0103, perfect\u0103 pentru perioada de iarn\u0103. Elemente precum fusta pantalon lung\u0103 se vor integra perfect \u00een acest peisaj, oferind o variant\u0103 elegant\u0103 \u0219i confortabil\u0103 pentru serile r\u0103coroase. Aceste printuri pot fi purtate at\u00e2t \u00een seturi komplette c\u00e2t \u0219i ca accent \u00een outfit-uri de zi cu zi.<\/p>\n<h2>Tipuri de \u00eembr\u0103c\u0103minte esen\u021biale<\/h2>\n<p><img decoding=\"async\" alt=\"Cinci prietene z\u00e2mbitoare, cu ce\u0219ti de cafea, \u00eentr-un parc colorat de toamn\u0103. Stiluri primitoare.\" src=\"https:\/\/footballscouting.pl\/ro\/wp-content\/uploads\/sites\/2\/2025\/08\/image578fcefce4bf4289856aaf000f35c941.jpg\"\/><\/p>\n<p>Pe l\u00e2ng\u0103 culori \u0219i printuri, anumite articole vestimentare vor deveni indispensabile \u00een sezonul rece. Jachetele oversized continu\u0103 s\u0103 fie calea de a combina stilul cu confortul. Acestea se potrivesc perfect cu diferite \u021binute, fie ele casual sau deosebit de elegante. De asemenea, paltoanele rafinate, cu un croi bine definit, vor aduce un aer sofisticat fiec\u0103rei \u021binute.<\/p>\n<p>Iat\u0103 un tabel cu articolele esen\u021biale ale sezonului:<\/p>\n<table border=\"1\">\n<tr>\n<th>Tip \u00eembr\u0103c\u0103minte<\/th>\n<th>Descriere<\/th>\n<\/tr>\n<tr>\n<td>Jachet\u0103 oversized<\/td>\n<td>Ideale pentru un look casual, dar stilat, acestea ofer\u0103 confort.<\/td>\n<\/tr>\n<tr>\n<td>Palton elegant<\/td>\n<td>Adaug\u0103 un plus de sofisticare, perfect pentru ocazii speciale.<\/td>\n<\/tr>\n<tr>\n<td>Fusta pantalon lung\u0103<\/td>\n<td>Versatil\u0103 \u0219i confortabil\u0103, se potrive\u0219te \u00een diverse combina\u021bii.<\/td>\n<\/tr>\n<\/table>\n<h2>Accesorii indispensabile pentru sezon<\/h2>\n<p>Accesoriile joac\u0103 un rol crucial \u00een definirea stilului personal, mai ales \u00een sezonul de toamn\u0103-iarn\u0103. O pereche de cizme statement poate transforma instantaneu un outfit simplu \u00een unul remarcabil. Cizmele cu tocuri unice sau cele de tip biker vor fi elemente-cheie. De asemenea, gen\u021bile vor completa \u021binutele, iar alegerea culorilor vibrante poate ad\u0103uga o not\u0103 de veselie, \u00een contrast cu nuan\u021bele mai \u00eenchise ale sezonului.<\/p>\n<p>Tipuri de accesorii recomandate:<\/p>\n<ul>\n<li>Cizme cu design inovativ<\/li>\n<li>Gen\u021bi colorate<\/li>\n<li>Bijuterii statement<\/li>\n<\/ul>\n<h2>Concluzie<\/h2>\n<p>Sezonul toamn\u0103-iarna 2025 se preconizeaz\u0103 a fi o alegere perfect\u0103 pentru a explora noi stiluri \u0219i a ne exprima personalitatea. Prin combinarea culorilor, texturilor \u0219i accesoriilor, putem crea outfit-uri unice care s\u0103 ne fac\u0103 s\u0103 ie\u0219im \u00een eviden\u021b\u0103. Indiferent de alegerile stilului t\u0103u, asigur\u0103-te c\u0103 reflect\u0103 cine e\u0219ti. Cu o abordare creativ\u0103 \u0219i deschis\u0103, moda devine un mediu de exprimare personal\u0103 continu\u0103, iar fiecare detaliu conteaz\u0103.<\/p>\n<h2>\u00centreb\u0103ri frecvente<\/h2>\n<ul>\n<li><strong>Care sunt culorile principale pentru toamna-iarna 2025?<\/strong> Tonurile p\u0103m\u00e2ntii \u0219i nuan\u021bele vibrante sunt foarte populare.<\/li>\n<li><strong>Ce tipuri de \u00eembr\u0103c\u0103minte ar trebui s\u0103 am \u00een garderob\u0103?<\/strong> Jachete oversized, paltoane elegante \u0219i fuste pantaloni lungi sunt esen\u021biale.<\/li>\n<li><strong>Cum pot integra stilul sustenabil \u00een garderoba mea?<\/strong> Opteaz\u0103 pentru piese din materiale bio sau reciclate.<\/li>\n<li><strong>Ce accesorii sunt recomandate pentru sezon?<\/strong> Cizmele statement \u0219i gen\u021bile colorate sunt un must-have.<\/li>\n<\/ul>","protected":false},"excerpt":{"rendered":"<p>Sezonul toamn\u0103-iarn\u0103 2025 promite s\u0103 aduc\u0103 un suflu nou \u00een moda contemporan\u0103, invit\u00e2ndu-ne s\u0103 explor\u0103m op\u021biuni variate \u0219i inovatoare. \u00centr-o lume \u00een care stilul personal devine tot mai valoros, ne dorim s\u0103 ne exprim\u0103m unicitatea prin fiecare alegere vestimentar\u0103. Aceast\u0103 toamn\u0103-iarna va fi marcat\u0103 nu doar de culori \u0219i texturi, ci \u0219i de confort \u0219i [&hellip;]<\/p>","protected":false},"author":1,"featured_media":18,"comment_status":"open","ping_status":"open","sticky":false,"template":"","format":"standard","meta":{"_acf_changed":false,"footnotes":""},"categories":[1],"tags":[],"class_list":["post-21","post","type-post","status-publish","format-standard","has-post-thumbnail","hentry","category-blogul"],"acf":[],"yoast_head":"<!-- This site is optimized with the Yoast SEO plugin v23.2 - https:\/\/yoast.com\/wordpress\/plugins\/seo\/ -->\n<title>Tendin\u021bele de mod\u0103 pentru toamn\u0103-iarn\u0103 2025: Piese esen\u021biale \u0219i stiluri care te fac s\u0103 ie\u0219i \u00een eviden\u021b\u0103<\/title>\n<meta name=\"description\" content=\"Descoper\u0103 tendin\u021bele de mod\u0103 pentru toamna-iarna 2025, de la culori vibrante la articole esen\u021biale, pentru un stil remarcabil!\" \/>\n<meta name=\"robots\" content=\"index, follow, max-snippet:-1, max-image-preview:large, max-video-preview:-1\" \/>\n<link rel=\"canonical\" href=\"https:\/\/footballscouting.pl\/ro\/pl_PL\/tendintele-de-moda-pentru-toamna-iarna-2025-care-te-vor-face-sa-iesi-in-evidenta\/\" \/>\n<meta property=\"og:locale\" content=\"pl_PL\" \/>\n<meta property=\"og:type\" content=\"article\" \/>\n<meta property=\"og:title\" content=\"Tendin\u021bele de mod\u0103 pentru toamn\u0103-iarn\u0103 2025: Piese esen\u021biale \u0219i stiluri care te fac s\u0103 ie\u0219i \u00een eviden\u021b\u0103\" \/>\n<meta property=\"og:description\" content=\"Descoper\u0103 tendin\u021bele de mod\u0103 pentru toamna-iarna 2025, de la culori vibrante la articole esen\u021biale, pentru un stil remarcabil!\" \/>\n<meta property=\"og:url\" content=\"https:\/\/footballscouting.pl\/ro\/pl_PL\/tendintele-de-moda-pentru-toamna-iarna-2025-care-te-vor-face-sa-iesi-in-evidenta\/\" \/>\n<meta property=\"og:site_name\" content=\"footballscouting\" \/>\n<meta property=\"article:published_time\" content=\"2025-08-12T21:00:00+00:00\" \/>\n<meta property=\"og:image\" content=\"https:\/\/footballscouting.pl\/ro\/wp-content\/uploads\/sites\/2\/2025\/08\/imagea7ff760bcbca4a7cbeebde7aec0231c9.jpg\" \/>\n\t<meta property=\"og:image:width\" content=\"1024\" \/>\n\t<meta property=\"og:image:height\" content=\"768\" \/>\n\t<meta property=\"og:image:type\" content=\"image\/jpeg\" \/>\n<meta name=\"author\" content=\"Izabela Piotrowska\" \/>\n<meta name=\"twitter:card\" content=\"summary_large_image\" \/>\n<meta name=\"twitter:label1\" content=\"Napisane przez\" \/>\n\t<meta name=\"twitter:data1\" content=\"Izabela Piotrowska\" \/>\n\t<meta name=\"twitter:label2\" content=\"Szacowany czas czytania\" \/>\n\t<meta name=\"twitter:data2\" content=\"3 minuty\" \/>\n<script type=\"application\/ld+json\" class=\"yoast-schema-graph\">{\"@context\":\"https:\/\/schema.org\",\"@graph\":[{\"@type\":\"WebPage\",\"@id\":\"https:\/\/footballscouting.pl\/ro\/tendintele-de-moda-pentru-toamna-iarna-2025-care-te-vor-face-sa-iesi-in-evidenta\/\",\"url\":\"https:\/\/footballscouting.pl\/ro\/tendintele-de-moda-pentru-toamna-iarna-2025-care-te-vor-face-sa-iesi-in-evidenta\/\",\"name\":\"Tendin\u021bele de mod\u0103 pentru toamn\u0103-iarn\u0103 2025: Piese esen\u021biale \u0219i stiluri care te fac s\u0103 ie\u0219i \u00een eviden\u021b\u0103\",\"isPartOf\":{\"@id\":\"https:\/\/footballscouting.pl\/ro\/#website\"},\"primaryImageOfPage\":{\"@id\":\"https:\/\/footballscouting.pl\/ro\/tendintele-de-moda-pentru-toamna-iarna-2025-care-te-vor-face-sa-iesi-in-evidenta\/#primaryimage\"},\"image\":{\"@id\":\"https:\/\/footballscouting.pl\/ro\/tendintele-de-moda-pentru-toamna-iarna-2025-care-te-vor-face-sa-iesi-in-evidenta\/#primaryimage\"},\"thumbnailUrl\":\"https:\/\/footballscouting.pl\/ro\/wp-content\/uploads\/sites\/2\/2025\/08\/imagea7ff760bcbca4a7cbeebde7aec0231c9.jpg\",\"datePublished\":\"2025-08-12T21:00:00+00:00\",\"dateModified\":\"2025-08-12T21:00:00+00:00\",\"author\":{\"@id\":\"https:\/\/footballscouting.pl\/ro\/#\/schema\/person\/667eb9f053b1619dbe9b97ca0a30efee\"},\"description\":\"Descoper\u0103 tendin\u021bele de mod\u0103 pentru toamna-iarna 2025, de la culori vibrante la articole esen\u021biale, pentru un stil remarcabil!\",\"breadcrumb\":{\"@id\":\"https:\/\/footballscouting.pl\/ro\/tendintele-de-moda-pentru-toamna-iarna-2025-care-te-vor-face-sa-iesi-in-evidenta\/#breadcrumb\"},\"inLanguage\":\"pl-PL\",\"potentialAction\":[{\"@type\":\"ReadAction\",\"target\":[\"https:\/\/footballscouting.pl\/ro\/tendintele-de-moda-pentru-toamna-iarna-2025-care-te-vor-face-sa-iesi-in-evidenta\/\"]}]},{\"@type\":\"ImageObject\",\"inLanguage\":\"pl-PL\",\"@id\":\"https:\/\/footballscouting.pl\/ro\/tendintele-de-moda-pentru-toamna-iarna-2025-care-te-vor-face-sa-iesi-in-evidenta\/#primaryimage\",\"url\":\"https:\/\/footballscouting.pl\/ro\/wp-content\/uploads\/sites\/2\/2025\/08\/imagea7ff760bcbca4a7cbeebde7aec0231c9.jpg\",\"contentUrl\":\"https:\/\/footballscouting.pl\/ro\/wp-content\/uploads\/sites\/2\/2025\/08\/imagea7ff760bcbca4a7cbeebde7aec0231c9.jpg\",\"width\":1024,\"height\":768},{\"@type\":\"BreadcrumbList\",\"@id\":\"https:\/\/footballscouting.pl\/ro\/tendintele-de-moda-pentru-toamna-iarna-2025-care-te-vor-face-sa-iesi-in-evidenta\/#breadcrumb\",\"itemListElement\":[{\"@type\":\"ListItem\",\"position\":1,\"name\":\"\u0413\u043b\u0430\u0432\u043d\u0430\u044f \u0441\u0442\u0440\u0430\u043d\u0438\u0446\u0430\",\"item\":\"https:\/\/footballscouting.pl\/ro\/\"},{\"@type\":\"ListItem\",\"position\":2,\"name\":\"Tendin\u021bele de mod\u0103 pentru toamn\u0103-iarn\u0103 2025 care te vor face s\u0103 ie\u0219i \u00een eviden\u021b\u0103\"}]},{\"@type\":\"WebSite\",\"@id\":\"https:\/\/footballscouting.pl\/ro\/#website\",\"url\":\"https:\/\/footballscouting.pl\/ro\/\",\"name\":\"footballscouting\",\"description\":\"Bijuterii pentru orice stil: sublinia\u021bi-v\u0103 personalitatea \u0219i elegan\u021ba.\",\"potentialAction\":[{\"@type\":\"SearchAction\",\"target\":{\"@type\":\"EntryPoint\",\"urlTemplate\":\"https:\/\/footballscouting.pl\/ro\/?s={search_term_string}\"},\"query-input\":\"required name=search_term_string\"}],\"inLanguage\":\"pl-PL\"},{\"@type\":\"Person\",\"@id\":\"https:\/\/footballscouting.pl\/ro\/#\/schema\/person\/667eb9f053b1619dbe9b97ca0a30efee\",\"name\":\"Izabela Piotrowska\",\"image\":{\"@type\":\"ImageObject\",\"inLanguage\":\"pl-PL\",\"@id\":\"https:\/\/footballscouting.pl\/ro\/#\/schema\/person\/image\/\",\"url\":\"https:\/\/footballscouting.pl\/wp-content\/uploads\/imhtqwqmzz6_ad_avatar-96x96.jpg\",\"contentUrl\":\"https:\/\/footballscouting.pl\/wp-content\/uploads\/imhtqwqmzz6_ad_avatar-96x96.jpg\",\"caption\":\"Izabela Piotrowska\"},\"description\":\"Izabela Piotrowska to do\u015bwiadczona ekspertka modowa z ponad 10-letnim sta\u017cem, kt\u00f3ra rozpocz\u0119\u0142a karier\u0119 jako asystentka w presti\u017cowej agencji stylingowej, a obecnie jest uznan\u0105 autork\u0105 publikacji modowych i mentork\u0105 dla aspiruj\u0105cych projektant\u00f3w.\",\"url\":\"https:\/\/footballscouting.pl\/ro\/pl_PL\/author\/izabela-piotrowska\/\"}]}<\/script>\n<!-- \/ Yoast SEO plugin. -->","yoast_head_json":{"title":"Tendin\u021bele de mod\u0103 pentru toamn\u0103-iarn\u0103 2025: Piese esen\u021biale \u0219i stiluri care te fac s\u0103 ie\u0219i \u00een eviden\u021b\u0103","description":"Descoper\u0103 tendin\u021bele de mod\u0103 pentru toamna-iarna 2025, de la culori vibrante la articole esen\u021biale, pentru un stil remarcabil!","robots":{"index":"index","follow":"follow","max-snippet":"max-snippet:-1","max-image-preview":"max-image-preview:large","max-video-preview":"max-video-preview:-1"},"canonical":"https:\/\/footballscouting.pl\/ro\/pl_PL\/tendintele-de-moda-pentru-toamna-iarna-2025-care-te-vor-face-sa-iesi-in-evidenta\/","og_locale":"pl_PL","og_type":"article","og_title":"Tendin\u021bele de mod\u0103 pentru toamn\u0103-iarn\u0103 2025: Piese esen\u021biale \u0219i stiluri care te fac s\u0103 ie\u0219i \u00een eviden\u021b\u0103","og_description":"Descoper\u0103 tendin\u021bele de mod\u0103 pentru toamna-iarna 2025, de la culori vibrante la articole esen\u021biale, pentru un stil remarcabil!","og_url":"https:\/\/footballscouting.pl\/ro\/pl_PL\/tendintele-de-moda-pentru-toamna-iarna-2025-care-te-vor-face-sa-iesi-in-evidenta\/","og_site_name":"footballscouting","article_published_time":"2025-08-12T21:00:00+00:00","og_image":[{"width":1024,"height":768,"url":"https:\/\/footballscouting.pl\/ro\/wp-content\/uploads\/sites\/2\/2025\/08\/imagea7ff760bcbca4a7cbeebde7aec0231c9.jpg","type":"image\/jpeg"}],"author":"Izabela Piotrowska","twitter_card":"summary_large_image","twitter_misc":{"Napisane przez":"Izabela Piotrowska","Szacowany czas czytania":"3 minuty"},"schema":{"@context":"https:\/\/schema.org","@graph":[{"@type":"WebPage","@id":"https:\/\/footballscouting.pl\/ro\/tendintele-de-moda-pentru-toamna-iarna-2025-care-te-vor-face-sa-iesi-in-evidenta\/","url":"https:\/\/footballscouting.pl\/ro\/tendintele-de-moda-pentru-toamna-iarna-2025-care-te-vor-face-sa-iesi-in-evidenta\/","name":"Tendin\u021bele de mod\u0103 pentru toamn\u0103-iarn\u0103 2025: Piese esen\u021biale \u0219i stiluri care te fac s\u0103 ie\u0219i \u00een eviden\u021b\u0103","isPartOf":{"@id":"https:\/\/footballscouting.pl\/ro\/#website"},"primaryImageOfPage":{"@id":"https:\/\/footballscouting.pl\/ro\/tendintele-de-moda-pentru-toamna-iarna-2025-care-te-vor-face-sa-iesi-in-evidenta\/#primaryimage"},"image":{"@id":"https:\/\/footballscouting.pl\/ro\/tendintele-de-moda-pentru-toamna-iarna-2025-care-te-vor-face-sa-iesi-in-evidenta\/#primaryimage"},"thumbnailUrl":"https:\/\/footballscouting.pl\/ro\/wp-content\/uploads\/sites\/2\/2025\/08\/imagea7ff760bcbca4a7cbeebde7aec0231c9.jpg","datePublished":"2025-08-12T21:00:00+00:00","dateModified":"2025-08-12T21:00:00+00:00","author":{"@id":"https:\/\/footballscouting.pl\/ro\/#\/schema\/person\/667eb9f053b1619dbe9b97ca0a30efee"},"description":"Descoper\u0103 tendin\u021bele de mod\u0103 pentru toamna-iarna 2025, de la culori vibrante la articole esen\u021biale, pentru un stil remarcabil!","breadcrumb":{"@id":"https:\/\/footballscouting.pl\/ro\/tendintele-de-moda-pentru-toamna-iarna-2025-care-te-vor-face-sa-iesi-in-evidenta\/#breadcrumb"},"inLanguage":"pl-PL","potentialAction":[{"@type":"ReadAction","target":["https:\/\/footballscouting.pl\/ro\/tendintele-de-moda-pentru-toamna-iarna-2025-care-te-vor-face-sa-iesi-in-evidenta\/"]}]},{"@type":"ImageObject","inLanguage":"pl-PL","@id":"https:\/\/footballscouting.pl\/ro\/tendintele-de-moda-pentru-toamna-iarna-2025-care-te-vor-face-sa-iesi-in-evidenta\/#primaryimage","url":"https:\/\/footballscouting.pl\/ro\/wp-content\/uploads\/sites\/2\/2025\/08\/imagea7ff760bcbca4a7cbeebde7aec0231c9.jpg","contentUrl":"https:\/\/footballscouting.pl\/ro\/wp-content\/uploads\/sites\/2\/2025\/08\/imagea7ff760bcbca4a7cbeebde7aec0231c9.jpg","width":1024,"height":768},{"@type":"BreadcrumbList","@id":"https:\/\/footballscouting.pl\/ro\/tendintele-de-moda-pentru-toamna-iarna-2025-care-te-vor-face-sa-iesi-in-evidenta\/#breadcrumb","itemListElement":[{"@type":"ListItem","position":1,"name":"\u0413\u043b\u0430\u0432\u043d\u0430\u044f \u0441\u0442\u0440\u0430\u043d\u0438\u0446\u0430","item":"https:\/\/footballscouting.pl\/ro\/"},{"@type":"ListItem","position":2,"name":"Tendin\u021bele de mod\u0103 pentru toamn\u0103-iarn\u0103 2025 care te vor face s\u0103 ie\u0219i \u00een eviden\u021b\u0103"}]},{"@type":"WebSite","@id":"https:\/\/footballscouting.pl\/ro\/#website","url":"https:\/\/footballscouting.pl\/ro\/","name":"footballscouting","description":"Bijuterii pentru orice stil: sublinia\u021bi-v\u0103 personalitatea \u0219i elegan\u021ba.","potentialAction":[{"@type":"SearchAction","target":{"@type":"EntryPoint","urlTemplate":"https:\/\/footballscouting.pl\/ro\/?s={search_term_string}"},"query-input":"required name=search_term_string"}],"inLanguage":"pl-PL"},{"@type":"Person","@id":"https:\/\/footballscouting.pl\/ro\/#\/schema\/person\/667eb9f053b1619dbe9b97ca0a30efee","name":"Izabela Piotrowska","image":{"@type":"ImageObject","inLanguage":"pl-PL","@id":"https:\/\/footballscouting.pl\/ro\/#\/schema\/person\/image\/","url":"https:\/\/footballscouting.pl\/wp-content\/uploads\/imhtqwqmzz6_ad_avatar-96x96.jpg","contentUrl":"https:\/\/footballscouting.pl\/wp-content\/uploads\/imhtqwqmzz6_ad_avatar-96x96.jpg","caption":"Izabela Piotrowska"},"description":"Izabela Piotrowska to do\u015bwiadczona ekspertka modowa z ponad 10-letnim sta\u017cem, kt\u00f3ra rozpocz\u0119\u0142a karier\u0119 jako asystentka w presti\u017cowej agencji stylingowej, a obecnie jest uznan\u0105 autork\u0105 publikacji modowych i mentork\u0105 dla aspiruj\u0105cych projektant\u00f3w.","url":"https:\/\/footballscouting.pl\/ro\/pl_PL\/author\/izabela-piotrowska\/"}]}},"yoast_meta":{"yoast_wpseo_title":"","yoast_wpseo_metadesc":"","yoast_wpseo_canonical":"https:\/\/footballscouting.pl\/ro\/pl_PL\/wp-json\/wp\/v2\/posts\/21"},"_links":{"self":[{"href":"https:\/\/footballscouting.pl\/ro\/pl_PL\/wp-json\/wp\/v2\/posts\/21"}],"collection":[{"href":"https:\/\/footballscouting.pl\/ro\/pl_PL\/wp-json\/wp\/v2\/posts"}],"about":[{"href":"https:\/\/footballscouting.pl\/ro\/pl_PL\/wp-json\/wp\/v2\/types\/post"}],"author":[{"embeddable":true,"href":"https:\/\/footballscouting.pl\/ro\/pl_PL\/wp-json\/wp\/v2\/users\/1"}],"replies":[{"embeddable":true,"href":"https:\/\/footballscouting.pl\/ro\/pl_PL\/wp-json\/wp\/v2\/comments?post=21"}],"version-history":[{"count":0,"href":"https:\/\/footballscouting.pl\/ro\/pl_PL\/wp-json\/wp\/v2\/posts\/21\/revisions"}],"wp:featuredmedia":[{"embeddable":true,"href":"https:\/\/footballscouting.pl\/ro\/pl_PL\/wp-json\/wp\/v2\/media\/18"}],"wp:attachment":[{"href":"https:\/\/footballscouting.pl\/ro\/pl_PL\/wp-json\/wp\/v2\/media?parent=21"}],"wp:term":[{"taxonomy":"category","embeddable":true,"href":"https:\/\/footballscouting.pl\/ro\/pl_PL\/wp-json\/wp\/v2\/categories?post=21"},{"taxonomy":"post_tag","embeddable":true,"href":"https:\/\/footballscouting.pl\/ro\/pl_PL\/wp-json\/wp\/v2\/tags?post=21"}],"curies":[{"name":"wp","href":"https:\/\/api.w.org\/{rel}","templated":true}]}}